{"id":21,"date":"2006-03-10T16:29:49","date_gmt":"2006-03-10T15:29:49","guid":{"rendered":"http:\/\/claudebbg.com\/blog\/archives\/21"},"modified":"2006-03-13T13:41:59","modified_gmt":"2006-03-13T12:41:59","slug":"la-vista-pathetique","status":"publish","type":"post","link":"https:\/\/www.claudebbg.com\/blog2\/2006\/03\/10\/la-vista-pathetique\/","title":{"rendered":"La Vista path\u00e9tique"},"content":{"rendered":"<p>\u00ab\u00a0<em>Microsoft n&rsquo;offre pas de vision, pas d&rsquo;inspiration, m\u00eame pas une bonne impression. C&rsquo;est la fin path\u00e9tique du r\u00eave d&rsquo;un ordinateur sur chaque bureau. Ce que nous avons \u00e0 la place c&rsquo;est un processeur de carte de cr\u00e9dit.<\/em>\u00a0\u00bb<br \/>\n<!--more--><\/p>\n<p>De \u00ab\u00a0FishAndChips\u00a0\u00bb sur <a href=\"http:\/\/slashdot.org\">slashdot<\/a> \u00e0 propos de Windows Vista (ex-Longhorn, ex-Windows2004) qui abandonne le support de EFI (le standard d&rsquo;intel qui remplace le bien trop vieux BIOS).<br \/>\nExtrait librement traduit du commentaire <a href=\"http:\/\/apple.slashdot.org\/comments.pl?sid=179797&#038;cid=14889480\">original (en anglais)<\/a><\/p>\n<p><ins>[UPDATE: pour les fans du d\u00e9bat en question (EFI et Windows), Microsoft supporte EFI pour les versions 64bits de Windows, soit XP-64 (qui a pass\u00e9 quelques ann\u00e9es en b\u00e9ta), W2k3server sur processeurs 64bits, mais ne semble pas envisager le support en 32bits, contrairement \u00e0 Linux qui supporte EFI depuis quelques ann\u00e9es d\u00e9j\u00e0, et contrairement \u00e0 ce qui \u00e9tait affirm\u00e9 il y a 2 ans (!) <a href=\"http:\/\/www.intel.com\/technology\/efi\/efi.htm\">par Rob Haydt, Program Manager \u00e0 Microsoft (pdf \u00ab\u00a0Windows, EFI and Testing (Supporting 32 and 64-bit platforms) et la video associ\u00e9e, en anglais\u00a0\u00bb)<\/a>.]<\/ins><\/p>\n<p><ins>[UPDATE: amusant de voir qu&rsquo;un \u00ab\u00a0d\u00e9tail\u00a0\u00bb comme celui-ci provoque plus de buz que l&rsquo;annonce des \u00ab\u00a0nouveaux\u00a0\u00bb ultra-mobiles par Redmond (\u00ab\u00a0emprunt\u00e9s\u00a0\u00bb \u00e0 <a href=\"http:\/\/www.oqo.com\/hardware\/features\/\">OQO<\/a> qui bataille depuis des ann\u00e9es pour faire exister cette offre). Il faut reconna\u00eetre que cette histoire d&rsquo;EFI-32bits concerne \u00e0 la marge Apple (et la possibilit\u00e9 d&rsquo;utiliser Windows sur les nouveaux Mac\/intel). Ces derniers mois, Apple semble \u00eatre la seule source de hype pour Microsoft dont le nouvel OS ne cesse \u00ab\u00a0d&#8217;emprunter\u00a0\u00bb \u00e0 Mac\u00a0Os\u00a0X. Dommage en un sens car Vista a (ou avait, vu le nombre de chose annonc\u00e9es et disparues depuis) de quoi relancer l&rsquo;innovation.] <\/ins><\/p>\n","protected":false},"excerpt":{"rendered":"<p>\u00ab\u00a0Microsoft n&rsquo;offre pas de vision, pas d&rsquo;inspiration, m\u00eame pas une bonne impression. C&rsquo;est la fin path\u00e9tique du r\u00eave d&rsquo;un ordinateur sur chaque bureau. Ce que nous avons \u00e0 la place c&rsquo;est un processeur de carte de cr\u00e9dit.\u00a0\u00bb<\/p>\n","protected":false},"author":2,"featured_media":0,"comment_status":"open","ping_status":"closed","sticky":false,"template":"","format":"standard","meta":{"footnotes":""},"categories":[7],"tags":[],"class_list":["post-21","post","type-post","status-publish","format-standard","hentry","category-mood"],"_links":{"self":[{"href":"https:\/\/www.claudebbg.com\/blog2\/wp-json\/wp\/v2\/posts\/21","targetHints":{"allow":["GET"]}}],"collection":[{"href":"https:\/\/www.claudebbg.com\/blog2\/wp-json\/wp\/v2\/posts"}],"about":[{"href":"https:\/\/www.claudebbg.com\/blog2\/wp-json\/wp\/v2\/types\/post"}],"author":[{"embeddable":true,"href":"https:\/\/www.claudebbg.com\/blog2\/wp-json\/wp\/v2\/users\/2"}],"replies":[{"embeddable":true,"href":"https:\/\/www.claudebbg.com\/blog2\/wp-json\/wp\/v2\/comments?post=21"}],"version-history":[{"count":0,"href":"https:\/\/www.claudebbg.com\/blog2\/wp-json\/wp\/v2\/posts\/21\/revisions"}],"wp:attachment":[{"href":"https:\/\/www.claudebbg.com\/blog2\/wp-json\/wp\/v2\/media?parent=21"}],"wp:term":[{"taxonomy":"category","embeddable":true,"href":"https:\/\/www.claudebbg.com\/blog2\/wp-json\/wp\/v2\/categories?post=21"},{"taxonomy":"post_tag","embeddable":true,"href":"https:\/\/www.claudebbg.com\/blog2\/wp-json\/wp\/v2\/tags?post=21"}],"curies":[{"name":"wp","href":"https:\/\/api.w.org\/{rel}","templated":true}]}}