{"id":26,"date":"2006-03-24T00:48:52","date_gmt":"2006-03-23T23:48:52","guid":{"rendered":"http:\/\/claudebbg.com\/blog\/archives\/26"},"modified":"2006-03-25T15:14:38","modified_gmt":"2006-03-25T14:14:38","slug":"quand-apple-sy-met","status":"publish","type":"post","link":"https:\/\/www.claudebbg.com\/blog2\/2006\/03\/24\/quand-apple-sy-met\/","title":{"rendered":"Le plus rapide des portables Windows&#8230;"},"content":{"rendered":"<p>On savait qu&rsquo;Apple d\u00e9veloppait un <a href=\"http:\/\/www.apple.com\/fr\/macosx\/overview\/\">syst\u00e8me d&rsquo;exploitation de bon niveau<\/a> pour des machines <a href=\"http:\/\/www.apple.com\/fr\/macbookpro\/design.html\">assez \u00e9l\u00e9gantes<\/a> et <a href=\"http:\/\/www.apple.com\/fr\/powermac\/design.html\">bien r\u00e9alis\u00e9es<\/a>.<\/p>\n<p>Pas de quoi, pour le moment, faire trop d&rsquo;ombre au monde un peu autiste des constructeurs de machines \u00ab\u00a0Windows\u00a0\u00bb, plut\u00f4t sp\u00e9cialis\u00e9s dans la <a href=\"http:\/\/dell.fr\">mauvaise qualit\u00e9 pas ch\u00e8re<\/a> ou dans le <a href=\"http:\/\/hp.com\/fr\">moche et pas trop hors de prix<\/a>, et parfois <a href=\"http:\/\/fr.asus.com\/products.aspx?l1=5\">pas si mal<\/a>.<br \/>\n<!--more--><\/p>\n<p>Mais depuis peu, <a href=\"http:\/\/onmac.net\/\">des fans du mac et de windows<\/a> ont lanc\u00e9 le d\u00e9fi d&rsquo;installer windowsXP sur les nouveaux Macs (\u00e0 base de processeur intel). Apple a explicitement dit ne rien avoir contre cela, mais comme d&rsquo;habitude, <a href=\"http:\/\/claudebbg.com\/blog\/archives\/21\">Microsoft \u00e9tait \u00e0 la tra\u00eene<\/a> (<a href=\"http:\/\/www.osxbook.com\/book\/bonus\/misc\/knoppix\/\">Linux en revanche fonctionnait<\/a> quelques semaines \u00e0 peine apr\u00e8s la sortie des nouvelles machines). <\/p>\n<p>Heureusement, quelques esprits inventifs ont su relever le d\u00e9fi et c&rsquo;est maintenant l&rsquo;heure des ajustements, r\u00e9glages de drivers et des tests.<\/p>\n<p>Des <a href=\"http:\/\/gearlog.com\/blogs\/gearlog\/archive\/2006\/03\/21\/8212.aspx\">testeurs plut\u00f4t s\u00e9rieux (Digital Life, du groupe Ziff Davis, article en anglais)<\/a> on appliqu\u00e9s leurs proc\u00e9dures de test Windows Media et Photoshop.<br \/>\nR\u00e9sultat:<br \/>\n<strong>MacBookPro est le portable Windows le plus rapide<\/strong> (sous Photoshop), et sans doute l&rsquo;une des machines WindowsXP les plus rapides tout court.<\/p>\n<p>Lui qui \u00e9tait d\u00e9j\u00e0 l&rsquo;un des macs les plus rapides (il y a un PowerMac nettement plus rapide, il s&rsquo;appelle <a href=\"http:\/\/www.apple.com\/fr\/powermac\/dualcore.html\">le Quad<\/a>, avec 4 processeurs G5 \u00e0 2,5Ghz chacun)<\/p>\n<p>Quand Apple s&rsquo;y met&#8230; sans m\u00eame le faire expr\u00e8s, il \u00e9crase quelques pieds.<\/p>\n<p>Someone is going to look bad ;-))<\/p>\n","protected":false},"excerpt":{"rendered":"<p>On savait qu&rsquo;Apple d\u00e9veloppait un syst\u00e8me d&rsquo;exploitation de bon niveau pour des machines assez \u00e9l\u00e9gantes et bien r\u00e9alis\u00e9es. Pas de quoi, pour le moment, faire trop d&rsquo;ombre au monde un peu autiste des constructeurs de machines \u00ab\u00a0Windows\u00a0\u00bb, plut\u00f4t sp\u00e9cialis\u00e9s dans la mauvaise qualit\u00e9 pas ch\u00e8re ou dans le moche et pas trop hors de prix, [&hellip;]<\/p>\n","protected":false},"author":2,"featured_media":0,"comment_status":"open","ping_status":"open","sticky":false,"template":"","format":"standard","meta":{"footnotes":""},"categories":[7],"tags":[],"class_list":["post-26","post","type-post","status-publish","format-standard","hentry","category-mood"],"_links":{"self":[{"href":"https:\/\/www.claudebbg.com\/blog2\/wp-json\/wp\/v2\/posts\/26","targetHints":{"allow":["GET"]}}],"collection":[{"href":"https:\/\/www.claudebbg.com\/blog2\/wp-json\/wp\/v2\/posts"}],"about":[{"href":"https:\/\/www.claudebbg.com\/blog2\/wp-json\/wp\/v2\/types\/post"}],"author":[{"embeddable":true,"href":"https:\/\/www.claudebbg.com\/blog2\/wp-json\/wp\/v2\/users\/2"}],"replies":[{"embeddable":true,"href":"https:\/\/www.claudebbg.com\/blog2\/wp-json\/wp\/v2\/comments?post=26"}],"version-history":[{"count":0,"href":"https:\/\/www.claudebbg.com\/blog2\/wp-json\/wp\/v2\/posts\/26\/revisions"}],"wp:attachment":[{"href":"https:\/\/www.claudebbg.com\/blog2\/wp-json\/wp\/v2\/media?parent=26"}],"wp:term":[{"taxonomy":"category","embeddable":true,"href":"https:\/\/www.claudebbg.com\/blog2\/wp-json\/wp\/v2\/categories?post=26"},{"taxonomy":"post_tag","embeddable":true,"href":"https:\/\/www.claudebbg.com\/blog2\/wp-json\/wp\/v2\/tags?post=26"}],"curies":[{"name":"wp","href":"https:\/\/api.w.org\/{rel}","templated":true}]}}