{"id":27,"date":"2006-03-23T14:40:38","date_gmt":"2006-03-23T13:40:38","guid":{"rendered":"http:\/\/claudebbg.com\/blog\/2006\/03\/23\/pourquoi-javais-tort-a-propos-de-lirakjohann-hari-the-independant\/"},"modified":"2006-04-30T16:35:56","modified_gmt":"2006-04-30T15:35:56","slug":"pourquoi-javais-tort-a-propos-de-lirakjohann-hari-the-independant","status":"publish","type":"post","link":"https:\/\/www.claudebbg.com\/blog2\/2006\/03\/23\/pourquoi-javais-tort-a-propos-de-lirakjohann-hari-the-independant\/","title":{"rendered":"\u201cPourquoi j&rsquo;avais tort \u00e0 propos de l&rsquo;Irak\u201d (Johann Hari, The Independant)"},"content":{"rendered":"<p>Johann Hari a \u00e9crit un <a href=\"http:\/\/www.independent.co.uk\/\/eceRedirect?articleId=352350&#038;pubId=55\"> meaculpa pour The Independant (en anglais)<\/a>, journal dans lequel il semblait d\u00e9fendre depuis 3 ans la guerre en Irak.<br \/>\n<!--more--><br \/>\nIl a post\u00e9 sur son blog l&rsquo;article complet<br \/>\n<a href=\"http:\/\/www.johannhari.com\/archive\/article.php?id=831\">Johann Hari &#8211; After three years, after 150,000 dead, why I was wrong about Iraq (en anglais)<\/a><br \/>\nainsi qu&rsquo;une des r\u00e9ponses (d\u00e9\u00e7ue) qu&rsquo;il a re\u00e7u.<br \/>\nPour compl\u00e9ter les r\u00e9ponses \u00e0 Mr. Hari, <a href=\"http:\/\/www.perfect.co.uk\/2004\/04\/johann-hari-was-i-wrong-about-iraq#comment-2735\">un de ses concitoyens a un \u00e9mis un autre point de vue (en anglais)<\/a><\/p>\n<p>Pour le moment, un quart des 150000 victimes l&rsquo;ont \u00e9t\u00e9 <a href=\"http:\/\/claudebbg.com\/irak.html\">directement par l&rsquo;intervention Am\u00e9ricaine<\/a> comme le confirme le compteur de la honte.<\/p>\n<p>Que Mr. Bush se rassure, depuis Nuremberg les amis des droits de l&rsquo;homme ont renonc\u00e9 \u00e0 la peine de mort, voire \u00e0 la prison (n&rsquo;est-ce-pas messieurs Papon, Pinochet ainsi que les complices des carnages en Am\u00e9rique du Sud, dont Bush Senior). M\u00eame l&rsquo;ONU reste des plus diplomate dans ses rappels \u00e0 l&rsquo;ordre \u00e0 propos de la prison de non droits de <a href=\"http:\/\/fr.wikipedia.org\/wiki\/Prison_de_Guantanamo\">Guantanamo<\/a> o\u00f9 <a href=\"http:\/\/web.amnesty.org\/pages\/guantanamobay-index-fra\">des innocents (et quelques criminels) sont tortur\u00e9s et enferm\u00e9s depuis pr\u00e8s de 5 ans (Amnesty International)<\/a>.<\/p>\n","protected":false},"excerpt":{"rendered":"<p>Johann Hari a \u00e9crit un meaculpa pour The Independant (en anglais), journal dans lequel il semblait d\u00e9fendre depuis 3 ans la guerre en Irak.<\/p>\n","protected":false},"author":2,"featured_media":0,"comment_status":"open","ping_status":"open","sticky":false,"template":"","format":"standard","meta":{"footnotes":""},"categories":[8],"tags":[],"class_list":["post-27","post","type-post","status-publish","format-standard","hentry","category-politique"],"_links":{"self":[{"href":"https:\/\/www.claudebbg.com\/blog2\/wp-json\/wp\/v2\/posts\/27","targetHints":{"allow":["GET"]}}],"collection":[{"href":"https:\/\/www.claudebbg.com\/blog2\/wp-json\/wp\/v2\/posts"}],"about":[{"href":"https:\/\/www.claudebbg.com\/blog2\/wp-json\/wp\/v2\/types\/post"}],"author":[{"embeddable":true,"href":"https:\/\/www.claudebbg.com\/blog2\/wp-json\/wp\/v2\/users\/2"}],"replies":[{"embeddable":true,"href":"https:\/\/www.claudebbg.com\/blog2\/wp-json\/wp\/v2\/comments?post=27"}],"version-history":[{"count":0,"href":"https:\/\/www.claudebbg.com\/blog2\/wp-json\/wp\/v2\/posts\/27\/revisions"}],"wp:attachment":[{"href":"https:\/\/www.claudebbg.com\/blog2\/wp-json\/wp\/v2\/media?parent=27"}],"wp:term":[{"taxonomy":"category","embeddable":true,"href":"https:\/\/www.claudebbg.com\/blog2\/wp-json\/wp\/v2\/categories?post=27"},{"taxonomy":"post_tag","embeddable":true,"href":"https:\/\/www.claudebbg.com\/blog2\/wp-json\/wp\/v2\/tags?post=27"}],"curies":[{"name":"wp","href":"https:\/\/api.w.org\/{rel}","templated":true}]}}