{"id":2936,"date":"2015-10-06T22:00:12","date_gmt":"2015-10-06T21:00:12","guid":{"rendered":"http:\/\/www.claudebbg.com\/blog2\/?p=2936"},"modified":"2015-12-06T21:16:11","modified_gmt":"2015-12-06T20:16:11","slug":"qui-sont-ces-elus-qui-ne-sont-pas-charlie","status":"publish","type":"post","link":"https:\/\/www.claudebbg.com\/blog2\/2015\/10\/06\/qui-sont-ces-elus-qui-ne-sont-pas-charlie\/","title":{"rendered":"Qui sont ces \u00e9lus qui ne sont pas Charlie"},"content":{"rendered":"<p>Ce 6 octobre, les S\u00e9nateurs on vot\u00e9 la loi de \u00ab\u00a0sant\u00e9\u00a0\u00bb de Madame Touraine.<\/p>\n<ul>\n<li>Cette loi <strong>stigmatise<\/strong> les vapoteurs comme aucune population n&rsquo;est stigmatis\u00e9e, lui interdisant une part de l&rsquo;espace public et m\u00eame priv\u00e9 (lieu de travail) sous pr\u00e9texte d&rsquo;une \u201cattitude\u201d d\u00e9plaisant \u00e0 la Ministre.<\/li>\n<li>Cette loi <strong>d\u00e9nigre<\/strong> le vapotage qui est actuellement la meilleure solution au tabagisme dans le respect des citoyens.<\/li>\n<li>Cette loi <strong>discrimine<\/strong> les vapoteur et fait le lit de l&rsquo;amalgame entre plaisir et danger.<\/li>\n<li>Cette loi d\u00e9fend l&rsquo;<strong>obscurantisme<\/strong> en justifiant l&rsquo;action publique sans fondement rationnel.<\/li>\n<li>Cette loi <strong>interdit la libre expression<\/strong> en interdisant \u201cLa propagande ou la publicit\u00e9, directe ou indirecte\u201d pour \u201cles dispositifs \u00e9lectroniques de vapotage et des flacons de recharge qui leur sont associ\u00e9s\u201d<\/li>\n<li>Cette loi et les d\u00e9clarations qui s&rsquo;y sont rapport\u00e9s ont un effet concret sur l&rsquo;esp\u00e9rance de vie de millions de Fran\u00e7ais<\/li>\n<\/ul>\n<h3>Les \u00e9lus qui ont vot\u00e9 la loi Touraine ne sont pas Charlie<\/h3>\n<p>Ils ont \u00e9t\u00e9 individuellement inform\u00e9s de ce qu&rsquo;ils votaient,<br \/>\nIls sont maintenant <strong>responsables et coupables<\/strong>.<\/p>\n<p><strong>Voici leurs noms<\/strong><br \/>\n<!--more--><\/p>\n<h2>Assembl\u00e9e nationale<\/h2>\n<h3>Groupe <del>socialiste<\/del>, <del>r\u00e9publicain<\/del> et <del>citoyen<\/del><\/h3>\n<p>Ibrahim Aboubacar<br \/>\nPatricia Adam<br \/>\nSylviane Alaux<br \/>\nJean-Pierre Allossery<br \/>\nPouria Amirshahi<br \/>\nFran\u00e7ois Andr\u00e9<br \/>\nNathalie App\u00e9r\u00e9<br \/>\nKader Arif<br \/>\nChristian Assaf<br \/>\nJo\u00ebl Aviragnet<br \/>\nPierre Aylagas<br \/>\nJean-Marc Ayrault<br \/>\nAlexis Bachelay<br \/>\nGuillaume Bachelay<br \/>\nDominique Baert<br \/>\nG\u00e9rard Bapt<br \/>\nFr\u00e9d\u00e9ric Barbier<br \/>\nSerge Bardy<br \/>\nEricka Bareigts<br \/>\nChristian Bataille<br \/>\nDelphine Batho<br \/>\nMarie-No\u00eblle Battistel<br \/>\nLaurent Baumel<br \/>\nPhilippe Baumel<br \/>\nNicolas Bays<br \/>\nCatherine Beaubatie<br \/>\nMarie-Fran\u00e7oise Bechtel<br \/>\nJean-Marie Beffara<br \/>\nLuc Belot<br \/>\nKarine Berger<br \/>\nChantal Berthelot<br \/>\nGis\u00e8le Bi\u00e9mouret<br \/>\nPhilippe Bies<br \/>\nErwann Binet<br \/>\nJean-Pierre Blazy<br \/>\nYves Blein<br \/>\nJean-Luc Bleunven<br \/>\nPatrick Bloche<br \/>\nDaniel Boisserie<br \/>\nChristophe Borgel<br \/>\nFlorent Boudi\u00e9<br \/>\nMarie-Odile Bouill\u00e9<br \/>\nChristophe Bouillon<br \/>\nBrigitte Bourguignon<br \/>\nMalek Boutih<br \/>\nKheira Bouziane-Laroussi<br \/>\n\u00c9meric Br\u00e9hier<br \/>\nJean-Louis Bricout<br \/>\nJean-Jacques Bridey<br \/>\nFran\u00e7ois Brottes<br \/>\nIsabelle Bruneau<br \/>\nGwenegan Bui<br \/>\nSabine Buis<br \/>\nJean-Claude Buisine<br \/>\nSylviane Bulteau<br \/>\nVincent Burroni<br \/>\nAlain Calmette<br \/>\nJean-Christophe Cambad\u00e9lis<br \/>\nColette Capdevielle<br \/>\nYann Capet<br \/>\nChristophe Caresche<br \/>\nMarie-Arlette Carlotti<br \/>\nFan\u00e9lie Carrey-Conte<br \/>\nMartine Carrillon-Couvreur<br \/>\nChristophe Castaner<br \/>\nLaurent Cathala<br \/>\nJean-Yves Caullet<br \/>\nGuy Chambefort<br \/>\nJean-Paul Chanteguet<br \/>\nMarie-Anne Chapdelaine<br \/>\nGuy-Michel Chauveau<br \/>\nDominique Chauvel<br \/>\nPascal Cherki<br \/>\nJean-David Ciot<br \/>\nAlain Claeys<br \/>\nJean-Michel Cl\u00e9ment<br \/>\nMarie-Fran\u00e7oise Clergeau<br \/>\nRomain Colas<br \/>\nPhilip Cordery<br \/>\nVal\u00e9rie Corre<br \/>\nJean-Jacques Cottel<br \/>\nCatherine Coutelle<br \/>\nJacques Cresta<br \/>\nPascale Crozon<br \/>\nFr\u00e9d\u00e9ric Cuvillier<br \/>\nCarlos Da Silva<br \/>\nPascal Deguilhem<br \/>\nFlorence Delaunay<br \/>\nMich\u00e8le Delaunay<br \/>\nGuy Delcourt<br \/>\nPascal Demarthe<br \/>\nS\u00e9bastien Denaja<br \/>\nFran\u00e7oise Descamps-Crosnier<br \/>\nSophie Dessus<br \/>\nJean-Louis Destans<br \/>\nMichel Destot<br \/>\nFanny Dombre-Coste<br \/>\nRen\u00e9 Dosi\u00e8re<br \/>\nSandrine Doucet<br \/>\nPhilippe Doucet<br \/>\nFran\u00e7oise Dubois<br \/>\nJean-Pierre Dufau<br \/>\nFran\u00e7oise Dumas<br \/>\nWilliam Dumas<br \/>\nLaurence Dumont<br \/>\nJean-Paul Dupr\u00e9<br \/>\nYves Durand<br \/>\nPhilippe Duron<br \/>\nOlivier Dussopt<br \/>\nHenri Emmanuelli<br \/>\nCorinne Erhel<br \/>\nSophie Errante<br \/>\nMarie-H\u00e9l\u00e8ne Fabre<br \/>\nOlivier Faure<br \/>\nAlain Faur\u00e9<br \/>\nHerv\u00e9 F\u00e9ron<br \/>\nRichard Ferrand<br \/>\nAur\u00e9lie Filippetti<br \/>\nGenevi\u00e8ve Fioraso<br \/>\nHugues Fourage<br \/>\nJean-Marc Fournel<br \/>\nVal\u00e9rie Fourneyron<br \/>\nMich\u00e8le Fournier-Armand<br \/>\nMichel Fran\u00e7aix<br \/>\nChristian Franqueville<br \/>\nJean-Claude Fruteau<br \/>\nJean-Louis Gagnaire<br \/>\nGenevi\u00e8ve Gaillard<br \/>\nYann Galut<br \/>\nGuillaume Garot<br \/>\nH\u00e9l\u00e8ne Geoffroy<br \/>\nJean-Marc Germain<br \/>\nJean-Patrick Gille<br \/>\nJean Glavany<br \/>\nYves Goasdou\u00e9<br \/>\nDaniel Goldberg<br \/>\nGenevi\u00e8ve Gosselin-Fleury<br \/>\nPascale Got<br \/>\nMarc Goua<br \/>\nLinda Gourjade<br \/>\nLaurent Grandguillaume<br \/>\nEstelle Grelier<br \/>\nJean Grellier<br \/>\nEdith Gueugneau<br \/>\n\u00c9lisabeth Guigou<br \/>\nChantal Guittet<br \/>\nDavid Habib<br \/>\nRazzy Hammadi<br \/>\nBeno\u00eet Hamon<br \/>\nMathieu Hanotin<br \/>\nJo\u00eblle Huillier<br \/>\nChristian Hutin<br \/>\nMonique Iborra<br \/>\nFran\u00e7oise Imbert<br \/>\nMichel Issindou<br \/>\nSerge Janquin<br \/>\nHenri Jibrayel<br \/>\nR\u00e9gis Juanico<br \/>\nArmand Jung<br \/>\nLaurent Kalinowski<br \/>\nMarietta Karamanli<br \/>\nPhilippe Kemel<br \/>\nChaynesse Khirouni<br \/>\nBernadette Laclais<br \/>\nConchita Lacuey<br \/>\nFran\u00e7ois Lamy<br \/>\nAnne-Christine Lang<br \/>\nColette Langlade<br \/>\nJean Launay<br \/>\nJean-Luc Laurent<br \/>\nPierre-Yves Le Borgn&rsquo;<br \/>\nJean-Yves Le Bouillonnec<br \/>\nPatrick Lebreton<br \/>\nGilbert Le Bris<br \/>\nAnne-Yvonne Le Dain<br \/>\nJean-Yves Le D\u00e9aut<br \/>\nViviane Le Dissez<br \/>\nMichel Lefait<br \/>\nDominique Lefebvre<br \/>\nAnnie Le Houerou<br \/>\nAnnick Le Loch<br \/>\nPatrick Lemasle<br \/>\nCatherine Lemorton<br \/>\nChristophe L\u00e9onard<br \/>\nAnnick Lepetit<br \/>\nJean-Pierre Le Roch<br \/>\nBruno Le Roux<br \/>\nArnaud Leroy<br \/>\nMichel Lesage<br \/>\nBernard Lesterlin<br \/>\nSerge Letchimy<br \/>\nMichel Liebgott<br \/>\nMartine Ligni\u00e8res-Cassou<br \/>\nAudrey Linkenheld<br \/>\nFran\u00e7ois Loncle<br \/>\nGabrielle Louis-Carabin<br \/>\nLucette Lousteau<br \/>\nVictorin Lurel<br \/>\nJacqueline Maquet<br \/>\nMarie-Lou Marcel<br \/>\nJean-Ren\u00e9 Marsac<br \/>\nPhilippe Martin<br \/>\nMartine Martinel<br \/>\nFr\u00e9d\u00e9rique Massat<br \/>\nSandrine Mazetier<br \/>\nMichel M\u00e9nard<br \/>\nPatrick Mennucci<br \/>\nKl\u00e9ber Mesquida<br \/>\nPierre-Alain Muet<br \/>\nPhilippe Nauche<br \/>\nNathalie Nieson<br \/>\nPhilippe Nogu\u00e8s<br \/>\nRobert Olive<br \/>\nMaud Olivier<br \/>\nMonique Orph\u00e9<br \/>\nMichel Pajon<br \/>\nLuce Pane<br \/>\nChristian Paul<br \/>\nR\u00e9mi Pauvros<br \/>\nGerminal Peiro<br \/>\nHerv\u00e9 Pellois<br \/>\nJean-Claude Perez<br \/>\nS\u00e9bastien Pietrasanta<br \/>\nMartine Pinville<br \/>\nChristine Pires Beaune<br \/>\nPhilippe Plisson<br \/>\n\u00c9lisabeth Pochon<br \/>\nNapole Polut\u00e9l\u00e9<br \/>\nPascal Popelin<br \/>\nDominique Potier<br \/>\nMichel Pouzol<br \/>\nR\u00e9gine Pov\u00e9da<br \/>\nPatrice Prat<br \/>\nChristophe Premat<br \/>\nJoaquim Pueyo<br \/>\nFran\u00e7ois Pupponi<br \/>\nCatherine Qu\u00e9r\u00e9<br \/>\nVal\u00e9rie Rabault<br \/>\nMonique Rabin<br \/>\nDominique Raimbourg<br \/>\nMarie R\u00e9calde<br \/>\nMarie-Line Reynaud<br \/>\nEduardo Rihan Cypel<br \/>\nDenys Robiliard<br \/>\nAlain Rodet<br \/>\nMarcel Rogemont<br \/>\nFr\u00e9d\u00e9ric Roig<br \/>\nBarbara Romagnan<br \/>\nBernard Roman<br \/>\nGwendal Rouillard<br \/>\nRen\u00e9 Rouquet<br \/>\nAlain Rousset<br \/>\nBoinali Said<br \/>\nB\u00e9atrice Santais<br \/>\nOdile Saugues<br \/>\nGilbert Sauvan<br \/>\nGilles Savary<br \/>\nG\u00e9rard Sebaoun<br \/>\nChristophe Sirugue<br \/>\nJulie Sommaruga<br \/>\nSuzanne Tallard<br \/>\nPascal Terrasse<br \/>\nSylvie Tolmont<br \/>\nJean-Louis Touraine<br \/>\nSt\u00e9phane Travert<br \/>\nCatherine Troallic<br \/>\nC\u00e9cile Untermaier<br \/>\nJean-Jacques Urvoas<br \/>\nDaniel Vaillant<br \/>\nJacques Valax<br \/>\nClotilde Valter<br \/>\nMichel Vauzelle<br \/>\nFabrice Verdier<br \/>\nMichel Vergnier<br \/>\nPatrick Vignal<br \/>\nJean-Michel Villaum\u00e9<br \/>\nJean Jacques Vlody<br \/>\nPaola Zanetti<\/p>\n<h3>Groupe \u00e9cologiste<\/h3>\n<p>Laurence Abeille<br \/>\n\u00c9ric Alauzet<br \/>\nBrigitte Allain<br \/>\nIsabelle Attard<br \/>\nDanielle Auroi<br \/>\nDenis Baupin<br \/>\nMich\u00e8le Bonneton<br \/>\nChristophe Cavard<br \/>\nSergio Coronado<br \/>\nC\u00e9cile Duflot<br \/>\nFran\u00e7ois-Michel Lambert<br \/>\nNo\u00ebl Mam\u00e8re<br \/>\nV\u00e9ronique Massonneau<br \/>\nPaul Molac<br \/>\nBarbara Pompili<br \/>\nJean-Louis Roum\u00e9gas<br \/>\nFran\u00e7ois de Rugy<br \/>\nEva Sas<\/p>\n<h3>Groupe radical, <del>r\u00e9publicain<\/del>, <del>d\u00e9mocrate<\/del> et <del>progressiste<\/del><\/h3>\n<p>Jean-No\u00ebl Carpentier<br \/>\nAry Chalus<br \/>\nSt\u00e9phane Claireaux<br \/>\nJeanine Dubi\u00e9<br \/>\nPaul Giacobbi<br \/>\nJo\u00ebl Giraud<br \/>\nGilda Hobert<br \/>\nJean-Pierre Maggi<br \/>\nJacques Moignard<br \/>\nSt\u00e9phane Saint-Andr\u00e9<br \/>\nRoger-G\u00e9rard Schwartzenberg<br \/>\nAlain Tourret<\/p>\n<h3>Groupe de la gauche d\u00e9mocrate et r\u00e9publicaine<\/h3>\n<p>Huguette Bello<br \/>\nGabriel Serville<\/p>\n<h3>Non inscrits<\/h3>\n<p>Sylvie Andrieux<\/p>\n<h2>S\u00e9nat<\/h2>\n<h3>Groupe Les <del>R\u00e9publicains<\/del><\/h3>\n<p>Pascal Allizard<br \/>\nG\u00e9rard Bailly<br \/>\nFran\u00e7ois Baroin<br \/>\nPhilippe Bas<br \/>\nChristophe B\u00e9chu<br \/>\nJ\u00e9r\u00f4me Bignon<br \/>\nJean Bizet<br \/>\nFran\u00e7ois Bonhomme<br \/>\nNatacha Bouchart<br \/>\nGilbert Bouchet<br \/>\nMichel Bouvard<br \/>\nFran\u00e7ois-No\u00ebl Buffet<br \/>\nFran\u00e7ois Calvet<br \/>\nChristian Cambon<br \/>\nAgn\u00e8s Canayer<br \/>\nJean-Pierre Cantegrit<br \/>\nJean-No\u00ebl Cardoux<br \/>\nJean-Claude Carle<br \/>\nCaroline Cayeux<br \/>\nG\u00e9rard C\u00e9sar<br \/>\nPatrick Chaize<br \/>\nPierre Charon<br \/>\nDaniel Chasseing<br \/>\nAlain Chatillon<br \/>\nFran\u00e7ois Commeinhes<br \/>\nG\u00e9rard Cornu<br \/>\nPhilippe Dallier<br \/>\nRen\u00e9 Danesi<br \/>\nMathieu Darnaud<br \/>\nIsabelle Debr\u00e9<br \/>\nRobert del Picchia<br \/>\nFrancis Delattre<br \/>\nG\u00e9rard D\u00e9riot<br \/>\nCatherine Deroche<br \/>\nJacky Deromedi<br \/>\nMarie-H\u00e9l\u00e8ne Des Esgaulx<br \/>\nChantal Deseyne<br \/>\nCatherine Di Folco<br \/>\n\u00c9ric Dolig\u00e9<br \/>\nPhilippe Dominati<br \/>\nMarie-Annick Duch\u00eane<br \/>\nM. Alain Dufaut<br \/>\nNicole Duranton<br \/>\nLouis Duvernois<br \/>\nJean-Paul Emorine<br \/>\nDominique Estrosi Sassone<br \/>\nHubert Falco<br \/>\nMichel Fontaine<br \/>\nMichel Forissier<br \/>\nAlain Fouch\u00e9<br \/>\nBernard Fournier<br \/>\nJean-Paul Fournier<br \/>\nChristophe-Andr\u00e9 Frassa<br \/>\nPierre Frogier<br \/>\nJo\u00eblle Garriaud-Maylam<br \/>\nJean-Claude Gaudin<br \/>\nJacques Gautier<br \/>\nJacques Genest<br \/>\nBruno Gilles<br \/>\nColette Giudicelli<br \/>\nAlain Gournac<br \/>\nJean-Pierre Grand<br \/>\nDaniel Gremillet<br \/>\nFran\u00e7ois Grosdidier<br \/>\nJacques Grosperrin<br \/>\nPascale Gruny<br \/>\nCharles Guen\u00e9<br \/>\nMichel Houel<br \/>\nAlain Houpert<br \/>\nChristiane Hummel<br \/>\nBeno\u00eet Hur\u00e9<br \/>\nJean-Fran\u00e7ois Husson<br \/>\nJean-Jacques Hyest<br \/>\nCorinne Imbert<br \/>\nM. Alain Joyandet<br \/>\nChristiane Kammermann<br \/>\nM. Roger Karoutchi<br \/>\nFabienne Keller<br \/>\nGuy-Dominique Kennel<br \/>\nMarc Lam\u00e9nie<br \/>\n\u00c9lisabeth Lamure<br \/>\nRobert Laufoaulu<br \/>\nDaniel Laurent<br \/>\nAntoine Lef\u00e8vre<br \/>\nJacques Legendre<br \/>\nDominique de Legge<br \/>\nJean-Pierre Leleux<br \/>\nJean-Baptiste Lemoyne<br \/>\nJean-Claude Lenoir<br \/>\nPhilippe Leroy<br \/>\nG\u00e9rard Longuet<br \/>\nVivette Lopez<br \/>\nMichel Magras<br \/>\nClaude Malhuret<br \/>\nDidier Mandelli<br \/>\nAlain Marc<br \/>\nPatrick Masclet<br \/>\nJean-Fran\u00e7ois Mayet<br \/>\nColette M\u00e9lot<br \/>\nMarie Mercier<br \/>\nBrigitte Micouleau<br \/>\nAlain Milon<br \/>\nAlb\u00e9ric de Montgolfier<br \/>\nPatricia Morhet-Richaud<br \/>\nJean-Marie Morisset<br \/>\nPhilippe Mouiller<br \/>\nPhilippe Nachbar<br \/>\nLouis N\u00e8gre<br \/>\nLouis-Jean de Nicola\u00ff<br \/>\nClaude Nougein<br \/>\nJean-Jacques Panunzi<br \/>\nPhilippe Paul<br \/>\nCyril Pellevat<br \/>\nC\u00e9dric Perrin<br \/>\nJackie Pierre<br \/>\nFran\u00e7ois Pillet<br \/>\nXavier Pintat<br \/>\nLouis Pinton<br \/>\nR\u00e9my Pointereau<br \/>\nLadislas Poniatowski<br \/>\nHugues Portelli<br \/>\nSophie Primas<br \/>\nCatherine Procaccia<br \/>\nJean-Pierre Raffarin<br \/>\nHenri de Raincourt<br \/>\nMichel Raison<br \/>\nAndr\u00e9 Reichardt<br \/>\nBruno Retailleau<br \/>\nCharles Revet<br \/>\nDidier Robert<br \/>\nBernard Saugey<br \/>\nRen\u00e9-Paul Savary<br \/>\nMichel Savin<br \/>\nBruno Sido<br \/>\nAbdourahamane Soilihi<br \/>\nAndr\u00e9 Trillard<br \/>\nCatherine Troendl\u00e9<br \/>\nMichel Vaspart<br \/>\nAlain Vasselle<br \/>\nHilarion Vendegou<br \/>\nJean-Pierre Vial<br \/>\nJean Pierre Vogel<\/p>\n<h3>Groupe Union des <del>D\u00e9mocrates<\/del> et Ind\u00e9pendants<\/h3>\n<p>Annick Billon<br \/>\nJean-Marie Bockel<br \/>\nPhilippe Bonnecarr\u00e8re<br \/>\nOlivier Cadic<br \/>\nMichel Canevet<br \/>\nVincent Capo-Canellas<br \/>\nOlivier Cigolotti<br \/>\nVincent Delahaye<br \/>\nBernard Delcros<br \/>\nYves D\u00e9traigne<br \/>\n\u00c9lisabeth Doineau<br \/>\nDaniel Dubois<br \/>\nJean-L\u00e9once Dupont<br \/>\nFran\u00e7oise F\u00e9rat<br \/>\nJean-Marc Gabouty<br \/>\nFran\u00e7oise Gatel<br \/>\nJacqueline Gourault<br \/>\nSylvie Goy-Chavent<br \/>\nJo\u00ebl Guerriau<br \/>\nLo\u00efc Herv\u00e9<br \/>\nChantal Jouanno<br \/>\nClaude Kern<br \/>\nJean-Jacques Lasserre<br \/>\nNuihau Laurey<br \/>\nVal\u00e9rie L\u00e9tard<br \/>\nAnne-Catherine Loisier<br \/>\nJean-Fran\u00e7ois Longeot<br \/>\nJean-Claude Luche<br \/>\nHerv\u00e9 Marseille<br \/>\nHerv\u00e9 Maurey<br \/>\nPierre M\u00e9devielle<br \/>\nCatherine Morin-Desailly<br \/>\nChristian Namy<br \/>\nYves Pozzo di Borgo<br \/>\nG\u00e9rard Roche<br \/>\nHenri Tandonnet<br \/>\nLana Tetuanui<br \/>\nJean-Marie Vanlerenberghe<br \/>\nFran\u00e7ois Zocchetto<\/p>\n<h3>Groupe du Rassemblement D\u00e9mocratique et Social Europ\u00e9en<\/h3>\n<p>Gilbert Barbier<\/p>\n<h3>Groupe \u00e9cologiste<\/h3>\n<p>Esther Benbassa<\/p>\n<h3>Non inscrits<\/h3>\n<p>Philippe Adnot, Robert Navarro<\/p>\n<h2>Parlement Europ\u00e9en<\/h2>\n<p><a href=\"https:\/\/www.claudebbg.com\/blog2\/2014\/02\/26\/26-fevrier-2014-%e2%80%93-triste-date-pour-leurope\/\" target=\"_blank\">pour rappel<\/a><br \/>\nFran\u00e7ois ALFONSI<br \/>\nSophie AUCONIE<br \/>\nJean-Pierre AUDY<br \/>\nMalika BENARAB-ATTOU<br \/>\nJean-Luc BENNAHMIAS<br \/>\nNora BERRA<br \/>\nPervenche BER\u00c8S<br \/>\nJean-Paul BESSET<br \/>\nJean-Jacob BICEP<br \/>\nPhilippe BOULLAND<br \/>\nJos\u00e9 BOV\u00c9<br \/>\nSandrine B\u00c9LIER<br \/>\nYves COCHET<br \/>\nJean Louis COTTIGNY<br \/>\nArnaud DANJEAN<br \/>\nMichel DANTIN<br \/>\nRachida DATI<br \/>\nJoseph DAUL<br \/>\nChristine DE VEYRAC<br \/>\nKarima DELLI<br \/>\nMarielle GALLO<br \/>\nSylvie GOULARD<br \/>\nNathalie GRIESBECK<br \/>\nFran\u00e7oise GROSSET\u00caTE<br \/>\nSylvie GUILLAUME<br \/>\nLiem HOANG NGOC<br \/>\nBrice HORTEFEUX<br \/>\nJacky H\u00c9NIN<br \/>\nYannick JADOT<br \/>\nEva JOLY<br \/>\nNicole KIIL-NIELSEN<br \/>\nAlain LAMASSOURE<br \/>\nConstance LE GRIP<br \/>\nV\u00e9ronique MATHIEU HOUILLON<br \/>\nElisabeth MORIN-CHARTIER<br \/>\nJean-Luc M\u00c9LENCHON<br \/>\nYounous OMARJEE<br \/>\nGilles PARGNEAUX<br \/>\nMaurice PONGA<br \/>\nFranck PROUST<br \/>\nMich\u00e8le RIVASI<br \/>\nJean ROATTA<br \/>\nRobert ROCHEFORT<br \/>\nMarie-Th\u00e9r\u00e8se SANCHEZ-SCHMID<br \/>\nMarielle de SARNEZ<br \/>\nTokia SA\u00cfFI<br \/>\nMich\u00e8le STRIFFLER<br \/>\nIsabelle THOMAS<br \/>\nPatrice TIROLIEN<br \/>\nBernadette VERGNAUD<br \/>\nKarim Z\u00c9RIBI<\/p>\n<p>Cette liste est bien longue, et s&rsquo;il faut <a href=\"https:\/\/www.claudebbg.com\/blog2\/2015\/10\/07\/qui-sont-les-justes-pour-qui-voter\/\" target=\"_blank\">voter, qui sont les justes<\/a> ?<\/p>\n","protected":false},"excerpt":{"rendered":"<p>Ce 6 octobre, les S\u00e9nateurs on vot\u00e9 la loi de \u00ab\u00a0sant\u00e9\u00a0\u00bb de Madame Touraine. Cette loi stigmatise les vapoteurs comme aucune population n&rsquo;est stigmatis\u00e9e, lui interdisant une part de l&rsquo;espace public et m\u00eame priv\u00e9 (lieu de travail) sous pr\u00e9texte d&rsquo;une \u201cattitude\u201d d\u00e9plaisant \u00e0 la Ministre. Cette loi d\u00e9nigre le vapotage qui est actuellement la meilleure [&hellip;]<\/p>\n","protected":false},"author":2,"featured_media":0,"comment_status":"open","ping_status":"closed","sticky":false,"template":"","format":"standard","meta":{"footnotes":""},"categories":[8],"tags":[],"class_list":["post-2936","post","type-post","status-publish","format-standard","hentry","category-politique"],"_links":{"self":[{"href":"https:\/\/www.claudebbg.com\/blog2\/wp-json\/wp\/v2\/posts\/2936","targetHints":{"allow":["GET"]}}],"collection":[{"href":"https:\/\/www.claudebbg.com\/blog2\/wp-json\/wp\/v2\/posts"}],"about":[{"href":"https:\/\/www.claudebbg.com\/blog2\/wp-json\/wp\/v2\/types\/post"}],"author":[{"embeddable":true,"href":"https:\/\/www.claudebbg.com\/blog2\/wp-json\/wp\/v2\/users\/2"}],"replies":[{"embeddable":true,"href":"https:\/\/www.claudebbg.com\/blog2\/wp-json\/wp\/v2\/comments?post=2936"}],"version-history":[{"count":19,"href":"https:\/\/www.claudebbg.com\/blog2\/wp-json\/wp\/v2\/posts\/2936\/revisions"}],"predecessor-version":[{"id":3001,"href":"https:\/\/www.claudebbg.com\/blog2\/wp-json\/wp\/v2\/posts\/2936\/revisions\/3001"}],"wp:attachment":[{"href":"https:\/\/www.claudebbg.com\/blog2\/wp-json\/wp\/v2\/media?parent=2936"}],"wp:term":[{"taxonomy":"category","embeddable":true,"href":"https:\/\/www.claudebbg.com\/blog2\/wp-json\/wp\/v2\/categories?post=2936"},{"taxonomy":"post_tag","embeddable":true,"href":"https:\/\/www.claudebbg.com\/blog2\/wp-json\/wp\/v2\/tags?post=2936"}],"curies":[{"name":"wp","href":"https:\/\/api.w.org\/{rel}","templated":true}]}}