{"id":3009,"date":"2017-04-29T13:05:22","date_gmt":"2017-04-29T12:05:22","guid":{"rendered":"http:\/\/www.claudebbg.com\/blog2\/?p=3009"},"modified":"2017-04-29T13:05:22","modified_gmt":"2017-04-29T12:05:22","slug":"3009","status":"publish","type":"post","link":"https:\/\/www.claudebbg.com\/blog2\/2017\/04\/29\/3009\/","title":{"rendered":"Guillaume Beltramo, CHU Dijon"},"content":{"rendered":"<p><img loading=\"lazy\" decoding=\"async\" src=\"https:\/\/www.claudebbg.com\/blog2\/wp-content\/uploads\/2017\/04\/article13-150x122.png\" alt=\"R.4127-13\" width=\"150\" height=\"122\" class=\"alignleft size-thumbnail wp-image-3014\" \/>Inaugurons cette rubrique des infractions \u00e0 l&rsquo;<a href=\"https:\/\/www.conseil-national.medecin.fr\/article\/article-13-education-sanitaire-237\" target=\"_blank\">article R.4127-13 du code de d\u00e9ontologie<\/a>, quand des m\u00e9decins font dans la \u00ab\u00a0petite\u00a0\u00bb d\u00e9linquance en faisant passer devant leur serment et leur charge un militantisme obscurantiste et, dans le cas qui m&rsquo;occupe, mortif\u00e8re.<\/p>\n<p>Etrangement le CHU de Dijon sur son site ne donne aucun \u00ab\u00a0Beltramo\u00a0\u00bb (mais bien les autres m\u00e9decins)<\/p>\n<h2>La source<\/h2>\n<p> <a href=\"http:\/\/rbutr.com\/www.ladepeche.fr\/article\/2017\/04\/28\/2565052-guillaume-beltramo-pneumologue-la-cigarette-electronique-favorise-les-allergies-respiratoires.html\" target=\"_blank\">La d\u00e9p\u00eache, vapotage et allergies<\/a><br \/>\n<!--more--><\/p>\n<h2>Le commentaire<\/h2>\n<p> (non publi\u00e9, ils sont en panne)<\/p>\n<p>Je me permet de vous signaler que vous vous rendez complice au travers de cet article (assez incoh\u00e9rent et mensonger par ailleurs) d&rsquo;une infraction, par le docteur Guillaume Beltramo, au code de la sant\u00e9 publique.<\/p>\n<p>Quelques corrections des fois que cela vous int\u00e9resse r\u00e9ellement au-del\u00e0 du d\u00e9nigrement<\/p>\n<ul>\n<li>le vapotage ne date pas de 2013 en France (un forum d&rsquo;utilisateur existait des ann\u00e9es avant)<\/li>\n<li>il y a plut\u00f4t 3 \u00e0 5 millions de vapoteurs dont 1 \u00e0 2 exclusifs<\/li>\n<li>votre \u00ab\u00a0docteur\u00a0\u00bb affirme un manque de recul sur les risques \u00e0 long terme sans avoir visiblement lu la litt\u00e9rature scientifique (et non les pamphlets de militants obscurantistes, c&rsquo;est trompeur certains \u00e9tant membres d&rsquo;organismes sanitaires). Des \u00e9tudes sur les \u00e9missions et les risques possibles sont l\u00e9gion depuis au moins 2009, aucune n&rsquo;a montr\u00e9 un danger av\u00e9r\u00e9 et chacune a d\u00e9montr\u00e9 que la composition expose l&rsquo;utilisateur \u00e0 des substances connues, pr\u00e9sentes pour l&rsquo;essentiel dans la vie courante et ne pr\u00e9sentant de dangers qu&rsquo;\u00e0 des doses bien sup\u00e9rieures (y compris \u00e0 long terme).<\/li>\n<li>l&rsquo;association \u00e0 des \u00ab\u00a0pneumopathies lipidiques\u00a0\u00bb est simplement mensong\u00e8re et d\u00e9montre l&rsquo;incomp\u00e9tence de votre \u00ab\u00a0docteur\u00a0\u00bb (cette pathologie existe mais sans lien possible avec le vapotage)<\/li>\n<li>l&rsquo;id\u00e9e des allergies est int\u00e9ressante, vous pourriez demander \u00e0 votre \u00ab\u00a0docteur\u00a0\u00bb de produire les \u00e9tudes en population sur l&rsquo;augmentation sp\u00e9cifique des allergies chez les millions de vapoteurs par comparaison aux fumeurs et aux ex-fumeurs comparables (ce dernier point \u00e9tant bien \u00e9videmment essentiel puisque l&rsquo;exposition \u00e0 l&rsquo;air citadin et aux aliments transform\u00e9s est depuis des ann\u00e9es pr\u00e9tendu associ\u00e9 \u00e0 des augmentations d&rsquo;allergies, sans vraiment d&rsquo;\u00e9tudes solides probantes)<\/li>\n<li>l&rsquo;exemple de la cannelle est particuli\u00e8rement int\u00e9ressant puisque cet ar\u00f4me (une de ses variantes, la plus utilis\u00e9e) est sous le feu des projecteurs dans l&rsquo;alimentation. Rien \u00e0 voir donc avec le vapotage sp\u00e9cifiquement mais avec l&rsquo;accumulation de cette substance dans la vie courante.<\/li>\n<li>la notion de dangers possibles en cas d&rsquo;abus (au sens mauvaise utilisation, produits de mauvaise qualit\u00e9 g\u00e9n\u00e9rale) est fascinante, c&rsquo;est le cas de tous les produits courants, le cas des casseroles par exemple est passionnant, pensez \u00e0 faire un article l\u00e0-dessus. Cela n&rsquo;a bien \u00e9videmment aucun rapport sp\u00e9cifique avec le vapotage.<\/li>\n<li>le cas du diac\u00e9tyle (pas de h, vous aurez appris un truc), reste toujours infond\u00e9 dans les quantit\u00e9s utilis\u00e9es mais int\u00e9ressant aussi (puisque les cigarettes de tabac en contiennent 10x plus que le liquide le plus \u00ab\u00a0charg\u00e9\u00a0\u00bb mesur\u00e9 ces derni\u00e8res ann\u00e9es, peut-\u00eatre pourrait-on l&rsquo;exclure pour la sant\u00e9 des fumeurs, et les autorit\u00e9s sanitaires\/les associations si promptes \u00e0 en parler pour le vapotage pourraient \u00e9viter d&rsquo;en valider la pr\u00e9sence dans les quelques centaines de marques de cigarettes autoris\u00e9es par le Minist\u00e8re de la Sant\u00e9). Depuis 2009 les fabricants s\u00e9rieux (dont la plupart des Fran\u00e7ais) s&rsquo;engagent \u00e0 ne pas en employer, depuis quelques ann\u00e9es les fabricants s\u00e9rieux ont pens\u00e9s aux variations de cette mol\u00e9cules bien qu&rsquo;aucun danger n&rsquo;ait \u00e9t\u00e9 d\u00e9montr\u00e9 dans ces quantit\u00e9s et l&rsquo;excluent (en France les normes AFNOR en font mention)<\/li>\n<li>je vous laisse responsables de la d\u00e9finition par votre interlocuteur du \u00ab\u00a0but\u00a0\u00bb d&rsquo;un produit de consommation courante dans une soci\u00e9t\u00e9 encore un peu d\u00e9mocratique mais attire votre attention sur le caract\u00e8re dangereux des propos (faux) concernant les mod\u00e8les dits de 3\u00e8me g\u00e9n\u00e9ration. Ces produits sont plut\u00f4t moins \u00e9metteurs de substances chauff\u00e9es et \u00e9tant surtout plus efficaces dans la non-reprise du tabac.<\/li>\n<li>les \u00ab\u00a0certains\u00a0\u00bb lieux publics sont l&rsquo;int\u00e9rieur des transports (dans un wagon, dans un bus par exemple), les \u00e9coles primaires\/coll\u00e8ges\/lyc\u00e9es (quoique pas vraiment \u00ab\u00a0publics\u00a0\u00bb) et les amendes de 35 euros, de l&rsquo;int\u00e9r\u00eat de lire les textes cit\u00e9s.<\/li>\n<\/ul>\n","protected":false},"excerpt":{"rendered":"<p>Inaugurons cette rubrique des infractions \u00e0 l&rsquo;article R.4127-13 du code de d\u00e9ontologie, quand des m\u00e9decins font dans la \u00ab\u00a0petite\u00a0\u00bb d\u00e9linquance en faisant passer devant leur serment et leur charge un militantisme obscurantiste et, dans le cas qui m&rsquo;occupe, mortif\u00e8re. Etrangement le CHU de Dijon sur son site ne donne aucun \u00ab\u00a0Beltramo\u00a0\u00bb (mais bien les autres [&hellip;]<\/p>\n","protected":false},"author":2,"featured_media":0,"comment_status":"open","ping_status":"closed","sticky":false,"template":"","format":"standard","meta":{"footnotes":""},"categories":[1287],"tags":[],"class_list":["post-3009","post","type-post","status-publish","format-standard","hentry","category-r-4127-13"],"_links":{"self":[{"href":"https:\/\/www.claudebbg.com\/blog2\/wp-json\/wp\/v2\/posts\/3009","targetHints":{"allow":["GET"]}}],"collection":[{"href":"https:\/\/www.claudebbg.com\/blog2\/wp-json\/wp\/v2\/posts"}],"about":[{"href":"https:\/\/www.claudebbg.com\/blog2\/wp-json\/wp\/v2\/types\/post"}],"author":[{"embeddable":true,"href":"https:\/\/www.claudebbg.com\/blog2\/wp-json\/wp\/v2\/users\/2"}],"replies":[{"embeddable":true,"href":"https:\/\/www.claudebbg.com\/blog2\/wp-json\/wp\/v2\/comments?post=3009"}],"version-history":[{"count":11,"href":"https:\/\/www.claudebbg.com\/blog2\/wp-json\/wp\/v2\/posts\/3009\/revisions"}],"predecessor-version":[{"id":3021,"href":"https:\/\/www.claudebbg.com\/blog2\/wp-json\/wp\/v2\/posts\/3009\/revisions\/3021"}],"wp:attachment":[{"href":"https:\/\/www.claudebbg.com\/blog2\/wp-json\/wp\/v2\/media?parent=3009"}],"wp:term":[{"taxonomy":"category","embeddable":true,"href":"https:\/\/www.claudebbg.com\/blog2\/wp-json\/wp\/v2\/categories?post=3009"},{"taxonomy":"post_tag","embeddable":true,"href":"https:\/\/www.claudebbg.com\/blog2\/wp-json\/wp\/v2\/tags?post=3009"}],"curies":[{"name":"wp","href":"https:\/\/api.w.org\/{rel}","templated":true}]}}